{"id":24877,"date":"2025-04-21T19:49:08","date_gmt":"2025-04-21T23:49:08","guid":{"rendered":"https:\/\/ywamsanpedro.org\/la-respiration-du-medecin-une-fenetre-essentielle-sur-la-pratique-medicale\/"},"modified":"2025-04-21T19:49:08","modified_gmt":"2025-04-21T23:49:08","slug":"la-respiration-du-medecin-une-fenetre-essentielle-sur-la-pratique-medicale","status":"publish","type":"post","link":"https:\/\/ywamsanpedro.org\/es\/la-respiration-du-medecin-une-fenetre-essentielle-sur-la-pratique-medicale\/","title":{"rendered":"La respiration du m\u00e9decin : une fen\u00eatre essentielle sur la pratique m\u00e9dicale"},"content":{"rendered":"<p>Dans le paysage toujours plus complexe de la m\u00e9decine moderne, la capacit\u00e9 \u00e0 percevoir et \u00e0 interpr\u00e9ter les signaux subtils du corps humain demeure un pilier fondamental. Parmi ces signaux, la respiration \u00e9merge comme une fen\u00eatre privil\u00e9gi\u00e9e permettant \u00e0 l\u2019<span class=\"highlight\">art m\u00e9dical<\/span> de diagnostiquer et de comprendre la condition globale d\u2019un patient. Cette compr\u00e9hension profonde, souvent n\u00e9glig\u00e9e dans les approches strictement technologiques, trouve un \u00e9cho dans des sources sp\u00e9cialis\u00e9es telles que <a href=\"https:\/\/faceoff.fr\/\">Face Off, der Atem des Arztes<\/a>, qui met en lumi\u00e8re la respiration comme v\u00e9ritable \u00ab\u00a0essence\u00a0\u00bb du savoir m\u00e9dical.<\/p>\n<hr \/>\n<h2>La respiration comme indicateur clinique universel<\/h2>\n<p>Depuis Hippocrate, la respiration a \u00e9t\u00e9 consid\u00e9r\u00e9e comme un barom\u00e8tre vital. Le rythme, la profondeur, la r\u00e9gularit\u00e9 ou encore la sonorit\u00e9 de la respiration offrent une multitude d\u2019informations qualitatives et quantitatives sur l\u2019\u00e9tat de sant\u00e9 d\u2019un patient. Aujourd\u2019hui, en pratique clinique, ces \u00e9l\u00e9ments sont int\u00e9gr\u00e9s dans le diagnostic quotidien : une respiration acc\u00e9l\u00e9r\u00e9e t\u00e9moigne souvent d\u2019une anxi\u00e9t\u00e9 ou d\u2019une infection, tandis qu\u2019une respiration superficielle ou difficultueuse peut signaler une insuffisance respiratoire ou un trouble neurologique.<\/p>\n<blockquote><p>\n<em>&#8220;La respiration n\u2019est pas seulement une fonction physiologique ; elle est aussi un miroir de notre \u00e9tat \u00e9motionnel et neurologique,&#8221;<\/em> souligne le Dr Sophie Martin, pneumologue et chercheuse en physiologie respiratoire.\n<\/p><\/blockquote>\n<h2>Les avanc\u00e9es technologiques au service de l\u2019observation respiratoire<\/h2>\n<p>Les progr\u00e8s r\u00e9cents dans la d\u00e9tection et l\u2019analyse de la respiration illustrent la sophistication des outils modernes. Des capteurs portables \u00e0 haute sensibilit\u00e9, en passant par l\u2019intelligence artificielle appliqu\u00e9e \u00e0 l\u2019analyse des appels respiratoires, permettent aujourd\u2019hui de d\u00e9celer des anomalies imperceptibles \u00e0 l\u2019\u0153il nu. Cependant, la valeur de ces innovations r\u00e9side dans leur int\u00e9gration \u00e0 une observation clinique attentive, o\u00f9 la sensibilit\u00e9 du praticien reste essentielle.<\/p>\n<h2>Le r\u00f4le central de la conscience respiratoire dans la m\u00e9decine int\u00e9grative<\/h2>\n<p>Au-del\u00e0 de la simple observation, la conscience de la respiration devient une pratique th\u00e9rapeutique \u00e0 part enti\u00e8re. Les disciplines telles que la sophrologie, la respiration consciente ou la m\u00e9decine traditionnelle orientale soulignent toutes l\u2019importance de travailler avec le souffle pour favoriser la sant\u00e9 physique et mentale. Des \u00e9tudes montrent que la ma\u00eetrise consciente de la respiration peut r\u00e9duire le stress, am\u00e9liorer la concentration et m\u00eame moduler certaines r\u00e9ponses immunitaires.<\/p>\n<p>Face \u00e0 cette richesse, le site Face Off, der Atem des Arztes se positionne comme une ressource incontournable, offrant une synth\u00e8se entre la m\u00e9decine conventionnelle et les approches compl\u00e9mentaires, toutes centr\u00e9es sur la respiration comme fondement vital et symbolique.<\/p>\n<h2>La r\u00e9alit\u00e9 de l\u2019int\u00e9gration de la respiration dans la formation m\u00e9dicale<\/h2>\n<p>Au sein des programmes de formation continue, la respiration se voit aujourd\u2019hui consacrer une place accrue. Des modules sp\u00e9cialis\u00e9s abordent la respiration comme outil d\u2019\u00e9valuation clinique, mais aussi comme composante essentielle dans la relation m\u00e9decin-patient. La capacit\u00e9 \u00e0 dialoguer avec le souffle du patient devient une comp\u00e9tence strat\u00e9gique, \u00e0 la fois technique et empathique.<\/p>\n<h2>Tableau : Comparatif des m\u00e9thodes d\u2019\u00e9valuation respiratoire<\/h2>\n<table>\n<thead>\n<tr>\n<th>M\u00e9thode<\/th>\n<th>Description<\/th>\n<th>Avantages<\/th>\n<th>Limitations<\/th>\n<\/tr>\n<\/thead>\n<tbody>\n<tr>\n<td>Examen clinique traditionnel<\/td>\n<td>Observation visuelle, palpation, auscultation<\/td>\n<td>Accessible, imm\u00e9diat, peu co\u00fbteux<\/td>\n<td>Subjectif, d\u00e9pend de l\u2019exp\u00e9rience du praticien<\/td>\n<\/tr>\n<tr>\n<td>Capteurs de respiration<\/td>\n<td>Utilisation de capteurs pour mesurer le volume et le rythme<\/td>\n<td>Pr\u00e9cision \u00e9lev\u00e9e, donn\u00e9es en temps r\u00e9el<\/td>\n<td>Co\u00fbt, n\u00e9cessitent une interpr\u00e9tation sp\u00e9cialis\u00e9e<\/td>\n<\/tr>\n<tr>\n<td>Analyse au moyen d\u2019IA et de machine learning<\/td>\n<td>Analyse automatis\u00e9e de donn\u00e9es respiratoires complexes<\/td>\n<td>D\u00e9tection pr\u00e9coce d\u2019anomalies, personnalisation des traitements<\/td>\n<td>Risque de sur-interpr\u00e9tation, d\u00e9pendance technologique<\/td>\n<\/tr>\n<\/tbody>\n<\/table>\n<h2>Conclusion : La respiration, un d\u00e9fi pour l\u2019avenir m\u00e9dical<\/h2>\n<p>La m\u00e9decine de demain, int\u00e9grant non seulement la technologie mais aussi une conscience affin\u00e9e du corps et du souffle, doit continuer \u00e0 valoriser la respiration comme une composante essentielle de l\u2019\u00e9valuation et du traitement. La d\u00e9marche \u00e9voqu\u00e9e sur Face Off, der Atem des Arztes illustre la richesse d\u2019une approche holistique et scientifique de cette fonction vitale, o\u00f9 chaque inspiration et expiration se r\u00e9v\u00e8le \u00eatre une cl\u00e9 pour comprendre l\u2019\u00eatre humain dans sa globalit\u00e9.<\/p>\n<p>Il ne s\u2019agit pas simplement d\u2019une habitude m\u00e9dicale, mais d\u2019un v\u00e9ritable art de l\u2019\u00e9coute et de l\u2019observation, qui sollicite autant l\u2019intuition que la technique \u2014 une m\u00e9decine o\u00f9 le souffle devient, plus que jamais, la voie royale vers une meilleure compr\u00e9hension de la sant\u00e9.<\/p>","protected":false},"excerpt":{"rendered":"<p>Dans le paysage toujours plus complexe de la m\u00e9decine moderne, la capacit\u00e9 \u00e0 percevoir et \u00e0 interpr\u00e9ter les signaux subtils du corps humain demeure un pilier fondamental. Parmi ces signaux, la respiration \u00e9merge comme une fen\u00eatre privil\u00e9gi\u00e9e permettant \u00e0 l\u2019art m\u00e9dical de diagnostiquer et de comprendre la condition globale d\u2019un patient. Cette compr\u00e9hension profonde, souvent n\u00e9glig\u00e9e dans les approches strictement technologiques, trouve un \u00e9cho dans des sources sp\u00e9cialis\u00e9es telles que Face Off, der Atem des Arztes, qui met en lumi\u00e8re&hellip;<\/p>","protected":false},"author":7,"featured_media":0,"comment_status":"","ping_status":"open","sticky":false,"template":"","format":"standard","meta":{"footnotes":""},"categories":[1],"tags":[],"class_list":["post-24877","post","type-post","status-publish","format-standard","hentry","category-uncategorized"],"_links":{"self":[{"href":"https:\/\/ywamsanpedro.org\/es\/wp-json\/wp\/v2\/posts\/24877","targetHints":{"allow":["GET"]}}],"collection":[{"href":"https:\/\/ywamsanpedro.org\/es\/wp-json\/wp\/v2\/posts"}],"about":[{"href":"https:\/\/ywamsanpedro.org\/es\/wp-json\/wp\/v2\/types\/post"}],"author":[{"embeddable":true,"href":"https:\/\/ywamsanpedro.org\/es\/wp-json\/wp\/v2\/users\/7"}],"replies":[{"embeddable":true,"href":"https:\/\/ywamsanpedro.org\/es\/wp-json\/wp\/v2\/comments?post=24877"}],"version-history":[{"count":0,"href":"https:\/\/ywamsanpedro.org\/es\/wp-json\/wp\/v2\/posts\/24877\/revisions"}],"wp:attachment":[{"href":"https:\/\/ywamsanpedro.org\/es\/wp-json\/wp\/v2\/media?parent=24877"}],"wp:term":[{"taxonomy":"category","embeddable":true,"href":"https:\/\/ywamsanpedro.org\/es\/wp-json\/wp\/v2\/categories?post=24877"},{"taxonomy":"post_tag","embeddable":true,"href":"https:\/\/ywamsanpedro.org\/es\/wp-json\/wp\/v2\/tags?post=24877"}],"curies":[{"name":"wp","href":"https:\/\/api.w.org\/{rel}","templated":true}]}}