{"id":25040,"date":"2025-04-21T20:17:44","date_gmt":"2025-04-22T00:17:44","guid":{"rendered":"https:\/\/ywamsanpedro.org\/az-online-mediumok-jovoje-miert-a-mobilplatformok-alakitjak-a-digitalis-tartalomfogyasztas-kovetkezo-szintjet\/"},"modified":"2025-04-21T20:17:44","modified_gmt":"2025-04-22T00:17:44","slug":"az-online-mediumok-jovoje-miert-a-mobilplatformok-alakitjak-a-digitalis-tartalomfogyasztas-kovetkezo-szintjet","status":"publish","type":"post","link":"https:\/\/ywamsanpedro.org\/es\/az-online-mediumok-jovoje-miert-a-mobilplatformok-alakitjak-a-digitalis-tartalomfogyasztas-kovetkezo-szintjet\/","title":{"rendered":"Az online m\u00e9diumok j\u00f6v\u0151je: mi\u00e9rt a mobilplatformok alak\u00edtj\u00e1k a digit\u00e1lis tartalomfogyaszt\u00e1s k\u00f6vetkez\u0151 szintj\u00e9t"},"content":{"rendered":"<p>\nA digit\u00e1lis m\u00e9diaipar gyors \u00fctemben v\u00e1ltozik, k\u00fcl\u00f6n\u00f6sen azokban a szegmensekben, ahol a fogyaszt\u00f3i szok\u00e1sok m\u00e9lyrehat\u00f3 \u00e1talakul\u00e1son mennek kereszt\u00fcl. Az okostelefonok \u00e9s egy\u00e9b mobil eszk\u00f6z\u00f6k terjed\u00e9se nem csup\u00e1n a kommunik\u00e1ci\u00f3s platformokat, hanem a tartalomfogyaszt\u00e1si szok\u00e1sokat is forradalmas\u00edtotta. Ennek eredm\u00e9nyek\u00e9nt a m\u00e9diav\u00e1llalatok \u00e9s digit\u00e1lis kiad\u00f3k sz\u00e1m\u00e1ra alapvet\u0151 k\u00e9rd\u00e9s, hogy mik\u00e9nt tudnak alkalmazkodni ehhez az \u00faj val\u00f3s\u00e1ghoz \u2014 \u00e9s hogyan tudj\u00e1k meger\u0151s\u00edteni poz\u00edci\u00f3ikat a mobil els\u0151 strat\u00e9gi\u00e1k r\u00e9v\u00e9n.\n<\/p>\n<h2>A mobil dominancia: a legfrissebb adatok \u00e9s trendek<\/h2>\n<table>\n<tr>\n<th>Adj adatok<\/th>\n<th>\u00c9rt\u00e9k<\/th>\n<\/tr>\n<tr>\n<td>Glob\u00e1lis mobilinternet-haszn\u00e1lat \u00e9ves v\u00e1ltoz\u00e1sa<\/td>\n<td>12,5%<\/td>\n<\/tr>\n<tr>\n<td>Heti m\u00e9diatartalom-fogyaszt\u00e1s mobilon (\u00e1tlag)<\/td>\n<td>35 perc<\/td>\n<\/tr>\n<tr>\n<td>Mobilos h\u00edrport\u00e1lok forgalma (2023)<\/td>\n<td>55%-os n\u00f6veked\u00e9s<\/td>\n<\/tr>\n<tr>\n<td>M\u00e9diatulajdonosok priorit\u00e1sai<\/td>\n<td>Mobilalkalmaz\u00e1sok fejleszt\u00e9se, gyors el\u00e9r\u00e9s, szem\u00e9lyre szabott tartalom<\/td>\n<\/tr>\n<\/table>\n<p>\nEzek az adatok meger\u0151s\u00edtik, hogy a mobilplatformok er\u0151s poz\u00edci\u00f3t szereztek a digit\u00e1lis tartalomfogyaszt\u00e1sban. Egyre t\u00f6bb felhaszn\u00e1l\u00f3 privil\u00e9giz\u00e1lja a gyors, egyszer\u0171 hozz\u00e1f\u00e9r\u00e9st a kiv\u00e1lasztott h\u00edrekhez vagy sz\u00f3rakoztat\u00f3 tartalmakhoz, amelyet kiz\u00e1r\u00f3lag okostelefonj\u00e1n kereszt\u00fcl \u00e9r el. Ez\u00e9rt a digit\u00e1lis m\u00e9diumok sz\u00e1m\u00e1ra n\u00e9lk\u00fcl\u00f6zhetetlen, hogy optimaliz\u00e1lj\u00e1k platformjaikat mobilbar\u00e1t m\u00f3don \u2014 nem csup\u00e1n technol\u00f3giai k\u00e9rd\u00e9sb\u0151l, hanem strat\u00e9giai l\u00e9p\u00e9sk\u00e9nt, az olvas\u00f3k elk\u00f6telezetts\u00e9g\u00e9nek \u00e9s h\u0171s\u00e9g\u00e9nek n\u00f6vel\u00e9se \u00e9rdek\u00e9ben.\n<\/p>\n<h2>Mi\u00e9rt relev\u00e1ns a &#8220;spinstar mobilon&#8221;?<\/h2>\n<blockquote><p>\n\u201eA tartalom fogyaszt\u00e1s\u00e1nak j\u00f6v\u0151je felh\u0151karcol\u00f3k\u00e9nt \u00e1ll a mobilon \u2014 a tartalomstrat\u00e9gi\u00e1k sikeress\u00e9ge m\u00falik rajta, hogy a platformok mennyire tudnak szem\u00e9lyre szabott, gyors \u00e9s min\u0151s\u00e9gi \u00e9lm\u00e9nyt k\u00edn\u00e1lni a felhaszn\u00e1l\u00f3knak.\u201d<br \/>\n<br \/><small>&#8211; Digit\u00e1lis tartalomstrat\u00e9gia szak\u00e9rt\u0151<\/small>\n<\/p><\/blockquote>\n<p>\nA <a href=\"https:\/\/spinstar-magyar.com\/\"><strong>spinstar mobilon<\/strong><\/a> oldal olyan digitaliz\u00e1ci\u00f3s \u00e9s online tartalomkezel\u00e9si eszk\u00f6z\u00f6ket k\u00edn\u00e1l, amelyek seg\u00edtenek a kiad\u00f3knak \u00e9s tartalomgy\u00e1rt\u00f3knak a mobilplatformokra t\u00f6rt\u00e9n\u0151 \u00e1t\u00e1ll\u00e1sban. A c\u00e9g szakter\u00fclete mag\u00e1ba foglalja az \u00fcgyf\u00e9lspecifikus fejleszt\u00e9seket, app-k\u00e9sz\u00edt\u00e9st \u00e9s a felhaszn\u00e1l\u00f3i \u00e9lm\u00e9ny optimaliz\u00e1l\u00e1s\u00e1t, mindezt a legmodernebb technol\u00f3gi\u00e1k alkalmaz\u00e1s\u00e1val. Ennek eredm\u00e9nyek\u00e9ppen a m\u00e9diav\u00e1llalatok k\u00f6nnyebben n\u00f6velhetik el\u00e9r\u00e9s\u00fcket, jav\u00edthatj\u00e1k a felhaszn\u00e1l\u00f3i \u00e9lm\u00e9nyt \u00e9s versenyel\u0151nyt szerezhetnek egy egyre mobilorient\u00e1ltabb vil\u00e1gban.\n<\/p>\n<h2>Az optimaliz\u00e1l\u00e1s kulcselemei a digit\u00e1lis tartalomstrat\u00e9gi\u00e1ban<\/h2>\n<ul>\n<li><strong>Gyors hozz\u00e1f\u00e9r\u00e9s:<\/strong> Az oldal- \u00e9s alkalmaz\u00e1sbet\u00f6lt\u00e9si id\u0151k minimaliz\u00e1l\u00e1sa kritikus, hiszen a mobil felhaszn\u00e1l\u00f3k nem hajland\u00f3k v\u00e1rakozni.<\/li>\n<li><strong>Szem\u00e9lyre szabott tartalom:<\/strong> A dinamikus aj\u00e1nl\u00f3rendszerek \u00e9s az adatalap\u00fa c\u00e9lz\u00e1s n\u00f6velik az olvas\u00f3i elk\u00f6telezetts\u00e9get.<\/li>\n<li><strong>Interaktivit\u00e1s:<\/strong> K\u00e9pek, vide\u00f3k, infografik\u00e1k \u00e9s a k\u00f6z\u00f6ss\u00e9gi m\u00e9dia integr\u00e1ci\u00f3ja er\u0151s kapcsolatot \u00e9p\u00edt a k\u00f6z\u00f6ns\u00e9ggel.<\/li>\n<li><strong>Mobilbar\u00e1t diz\u00e1jn:<\/strong> Reszponz\u00edv elrendez\u00e9s \u00e9s k\u00f6nny\u0171 navig\u00e1ci\u00f3 kritikus az elk\u00f6telezts\u00e9g n\u00f6vel\u00e9s\u00e9hez.<\/li>\n<\/ul>\n<h2>Az ipar\u00e1gi p\u00e9ld\u00e1k \u00e9s j\u00f6v\u0151beli kil\u00e1t\u00e1sok<\/h2>\n<p>\nElszigetelten n\u00e9zve az ipar\u00e1gi trendeket, olyan p\u00e9ld\u00e1kat l\u00e1thatunk, mint a nemzetk\u00f6zi h\u00edrport\u00e1lok \u00e9s digit\u00e1lis kiad\u00f3k, amelyek sikeresen be\u00e9p\u00edtett\u00e9k a mobil els\u0151 megk\u00f6zel\u00edt\u00e9st strat\u00e9gi\u00e1ikba. A <em>spinstar mobilon<\/em> platformja lehet\u0151s\u00e9get ad arra, hogy a magyar m\u00e9diav\u00e1llalatok is ezeket a bev\u00e1lt gyakorlatokat adapt\u00e1lj\u00e1k, \u00e9s kihaszn\u00e1lj\u00e1k a mobil t\u00e9r \u00e1ltal k\u00edn\u00e1lt lehet\u0151s\u00e9geket.\n<\/p>\n<p>\nA j\u00f6v\u0151ben v\u00e1rhat\u00f3, hogy a mesters\u00e9ges intelligencia \u00e9s a big data tov\u00e1bb finom\u00edtja a szem\u00e9lyre szabott tartalomk\u00edn\u00e1latot, n\u00f6velve ezzel a felhaszn\u00e1l\u00f3i el\u00e9gedetts\u00e9get \u00e9s az akt\u00edv k\u00f6z\u00f6ns\u00e9gar\u00e1nyt. Emellett a hangalap\u00fa keres\u00e9sek \u00e9s a vizu\u00e1lis tartalom egy\u00fcttes szerepe is jelent\u0151sen n\u00f6vekszik, \u00edgy a mobil platformoknak rugalmasnak kell lenni\u00fck, hogy alkalmazkodni tudjanak ezekhez a v\u00e1ltoz\u00e1sokhoz.\n<\/p>\n<h2>\u00d6sszefoglal\u00e1s: Az igerendek \u00e9s a strat\u00e9gi\u00e1k \u00f6sszefon\u00f3d\u00e1sa<\/h2>\n<p>\nA tartalomgy\u00e1rt\u00f3k \u00e9s m\u00e9diumok j\u00f6v\u0151je szorosan \u00f6sszef\u00fcgg azzal, hogy mennyire tudnak az optimaliz\u00e1lt, felhaszn\u00e1l\u00f3bar\u00e1t mobil platformokat fel\u00e9p\u00edteni. A digitaliz\u00e1ci\u00f3 \u00e9s a folyamatos technol\u00f3giai fejl\u0151d\u00e9s \u00faj \u00e9rtelmet ad a tartalomfogyaszt\u00e1snak, \u00e9s megk\u00f6veteli, hogy a szakemberek saj\u00e1t strat\u00e9gi\u00e1ikat minden szinten igaz\u00edts\u00e1k ehhez az ir\u00e1nyhoz. Ez k\u00fcl\u00f6n\u00f6sen relev\u00e1ns a magyar m\u00e9diapiacon, amely a nemzetk\u00f6zi trendekhez alkalmazkodva egyre ink\u00e1bb a mobil els\u0151 megk\u00f6zel\u00edt\u00e9s fel\u00e9 fordul.\n<\/p>\n<p>\nA spinstar mobilon oldal p\u00e9ld\u00e1ul t\u00e1mogat\u00e1st ny\u00fajt ebben a folyamatban, biztos\u00edtva, hogy a tartalomkezel\u00e9s \u00e9s a felhaszn\u00e1l\u00f3i \u00e9lm\u00e9ny a lehet\u0151 legmagasabb szinten legyen a mobilplatformokon. Ez a strat\u00e9gia nem csup\u00e1n a jelen sikereit szavatolja, hanem biztos\u00edtja, hogy a m\u00e9diumok hossz\u00fa t\u00e1von is relev\u00e1nsak maradjanak ebben a gyorsan v\u00e1ltoz\u00f3 digit\u00e1lis vil\u00e1gban.<\/p>","protected":false},"excerpt":{"rendered":"<p>A digit\u00e1lis m\u00e9diaipar gyors \u00fctemben v\u00e1ltozik, k\u00fcl\u00f6n\u00f6sen azokban a szegmensekben, ahol a fogyaszt\u00f3i szok\u00e1sok m\u00e9lyrehat\u00f3 \u00e1talakul\u00e1son mennek kereszt\u00fcl. Az okostelefonok \u00e9s egy\u00e9b mobil eszk\u00f6z\u00f6k terjed\u00e9se nem csup\u00e1n a kommunik\u00e1ci\u00f3s platformokat, hanem a tartalomfogyaszt\u00e1si szok\u00e1sokat is forradalmas\u00edtotta. Ennek eredm\u00e9nyek\u00e9nt a m\u00e9diav\u00e1llalatok \u00e9s digit\u00e1lis kiad\u00f3k sz\u00e1m\u00e1ra alapvet\u0151 k\u00e9rd\u00e9s, hogy mik\u00e9nt tudnak alkalmazkodni ehhez az \u00faj val\u00f3s\u00e1ghoz \u2014 \u00e9s hogyan tudj\u00e1k meger\u0151s\u00edteni poz\u00edci\u00f3ikat a mobil els\u0151 strat\u00e9gi\u00e1k r\u00e9v\u00e9n. A mobil dominancia: a legfrissebb adatok \u00e9s trendek Adj adatok \u00c9rt\u00e9k Glob\u00e1lis mobilinternet-haszn\u00e1lat \u00e9ves v\u00e1ltoz\u00e1sa&hellip;<\/p>","protected":false},"author":7,"featured_media":0,"comment_status":"","ping_status":"open","sticky":false,"template":"","format":"standard","meta":{"footnotes":""},"categories":[1],"tags":[],"class_list":["post-25040","post","type-post","status-publish","format-standard","hentry","category-uncategorized"],"_links":{"self":[{"href":"https:\/\/ywamsanpedro.org\/es\/wp-json\/wp\/v2\/posts\/25040","targetHints":{"allow":["GET"]}}],"collection":[{"href":"https:\/\/ywamsanpedro.org\/es\/wp-json\/wp\/v2\/posts"}],"about":[{"href":"https:\/\/ywamsanpedro.org\/es\/wp-json\/wp\/v2\/types\/post"}],"author":[{"embeddable":true,"href":"https:\/\/ywamsanpedro.org\/es\/wp-json\/wp\/v2\/users\/7"}],"replies":[{"embeddable":true,"href":"https:\/\/ywamsanpedro.org\/es\/wp-json\/wp\/v2\/comments?post=25040"}],"version-history":[{"count":0,"href":"https:\/\/ywamsanpedro.org\/es\/wp-json\/wp\/v2\/posts\/25040\/revisions"}],"wp:attachment":[{"href":"https:\/\/ywamsanpedro.org\/es\/wp-json\/wp\/v2\/media?parent=25040"}],"wp:term":[{"taxonomy":"category","embeddable":true,"href":"https:\/\/ywamsanpedro.org\/es\/wp-json\/wp\/v2\/categories?post=25040"},{"taxonomy":"post_tag","embeddable":true,"href":"https:\/\/ywamsanpedro.org\/es\/wp-json\/wp\/v2\/tags?post=25040"}],"curies":[{"name":"wp","href":"https:\/\/api.w.org\/{rel}","templated":true}]}}