{"id":25406,"date":"2025-04-21T22:03:10","date_gmt":"2025-04-22T02:03:10","guid":{"rendered":"https:\/\/ywamsanpedro.org\/revenir-a-ses-racines-la-renaissance-personnelle-a-l-ere-numerique\/"},"modified":"2025-04-21T22:03:10","modified_gmt":"2025-04-22T02:03:10","slug":"revenir-a-ses-racines-la-renaissance-personnelle-a-l-ere-numerique","status":"publish","type":"post","link":"https:\/\/ywamsanpedro.org\/es\/revenir-a-ses-racines-la-renaissance-personnelle-a-l-ere-numerique\/","title":{"rendered":"Revenir \u00e0 ses racines : La renaissance personnelle \u00e0 l&#8217;\u00e8re num\u00e9rique"},"content":{"rendered":"<p>Dans un monde o\u00f9 la digitalisation acc\u00e9l\u00e9r\u00e9e red\u00e9finit chaque aspect de notre vie quotidienne, la qu\u00eate d&#8217;authenticit\u00e9 et de reconnection avec soi-m\u00eame devient plus cruciale que jamais. Les parcours de renaissance personnelle, fa\u00e7onn\u00e9s \u00e0 la crois\u00e9e de traditions ancestrales et d&#8217;innovations modernes, offrent une voie singuli\u00e8re pour naviguer \u00e0 travers le tumulte ambiant.<\/p>\n<h2>Le contexte contemporain : une remise en question de l&#8217;identit\u00e9<\/h2>\n<p>Depuis l\u2019av\u00e8nement des r\u00e9seaux sociaux et du num\u00e9rique, notre rapport \u00e0 l\u2019identit\u00e9 a connu une mutation profonde. Selon une \u00e9tude r\u00e9cente men\u00e9e par le Centre de Recherche en Psychologie Num\u00e9rique (2022), <em>67%<\/em> des individus interrog\u00e9s ressentent un besoin accru de retrouver un \u00e9quilibre entre leur vie virtuelle et leur authenticit\u00e9 personnelle. Ce ph\u00e9nom\u00e8ne refl\u00e8te une qu\u00eate d\u2019ancrage face \u00e0 une soci\u00e9t\u00e9 souvent per\u00e7ue comme superficielle ou d\u00e9connect\u00e9e de ses valeurs fondamentales.<\/p>\n<h2>Les voies de la renaissance : entre pratiques traditionnelles et innovations num\u00e9riques<\/h2>\n<p>Ces derni\u00e8res ann\u00e9es, diff\u00e9rents mouvements ont vu le jour, pr\u00f4nant un retour aux sources tout en int\u00e9grant les outils modernes. La m\u00e9ditation, la permaculture, ou encore le minimalisme digital, sont autant d&#8217;exemples qui illustrent cette tendance \u00e0 recentrer l\u2019existence sur l\u2019essentiel.<\/p>\n<h2>La reconstruction identitaire \u00e0 travers la spiritualit\u00e9 et la culture locale<\/h2>\n<p>La capacit\u00e9 \u00e0 se reconnecter \u00e0 ses racines culturelles et spirituelles appara\u00eet comme un levier puissant de transformation int\u00e9rieure. Des initiatives telles que les retraites en nature, ou l\u2019apprentissage des traditions ancestrales, tendent \u00e0 revitaliser le sentiment d\u2019appartenance et \u00e0 renforcer l\u2019estime de soi.<\/p>\n<h2>Cas pratique : un exemple d\u2019inspiration<\/h2>\n<p>Parmi ces d\u00e9marches, certains cherchent \u00e0 formaliser leur processus de reconqu\u00eate identitaire \u00e0 travers des plateformes sp\u00e9cialis\u00e9es. La d\u00e9marche repr\u00e9sent\u00e9e par <a href=\"https:\/\/alawin-fr.fr\/\">alawin : mon retour<\/a> s\u2019inscrit dans cette dynamique. En proposant un accompagnement personnalis\u00e9 et une plateforme de t\u00e9moignages, cette initiative favorise une r\u00e9flexion profonde sur soi-m\u00eame, tout en offrant des outils concrets pour retrouver sa voie.<\/p>\n<blockquote><p>\n&#8220;Se retrouver soi-m\u00eame dans un monde en constante effervescence, c\u2019est l\u2019un des d\u00e9fis essentiels de notre \u00e9poque. Alawin propose une approche holistique qui permet \u00e0 chacun de se r\u00e9approprier son identit\u00e9, en harmonie avec ses racines et ses aspirations modernes.&#8221; \u2014 Expert en d\u00e9veloppement personnel\n<\/p><\/blockquote>\n<h2>Une approche int\u00e9gr\u00e9e pour une renaissance authentique<\/h2>\n<p>Pour approfondir cette d\u00e9marche, il devient essentiel d\u2019adopter une approche multidimensionnelle :<\/p>\n<ul>\n<li><strong>Introspection et m\u00e9ditation<\/strong> pour clarifier ses valeurs et ses objectifs.<\/li>\n<li><strong>Red\u00e9couverte de ses traditions<\/strong> \u00e0 travers la participation \u00e0 des activit\u00e9s culturelles ou spirituelles locales.<\/li>\n<li><strong>Utilisation responsable du num\u00e9rique<\/strong> pour \u00e9viter la superficialit\u00e9 et privil\u00e9gier les \u00e9changes enrichissants.<\/li>\n<\/ul>\n<h2>Les b\u00e9n\u00e9fices d\u2019un retour \u00e0 l\u2019essentiel<\/h2>\n<table>\n<thead>\n<tr>\n<th>Aspect<\/th>\n<th>Effets<\/th>\n<\/tr>\n<\/thead>\n<tbody>\n<tr>\n<td>\u00c9quilibre \u00e9motionnel<\/td>\n<td>Am\u00e9lioration de la stabilit\u00e9 et du bien-\u00eatre psychologique<\/td>\n<\/tr>\n<tr>\n<td>Clart\u00e9 de l\u2019identit\u00e9<\/td>\n<td>Renforcement de la confiance en soi et de l\u2019authenticit\u00e9<\/td>\n<\/tr>\n<tr>\n<td>Relations plus profondes<\/td>\n<td>Qualit\u00e9 accrue des interactions humaines<\/td>\n<\/tr>\n<\/tbody>\n<\/table>\n<h2>Conclusion : un chemin vers une transformation durable<\/h2>\n<p>Le processus de \u00ab\u00a0mon retour\u00a0\u00bb incarn\u00e9 par des initiatives comme celles propos\u00e9es par alawin : mon retour illustre une tendance globale vers une vie plus consciente, ancr\u00e9e dans ses valeurs tout en utilisant les b\u00e9n\u00e9fices de la technologie de fa\u00e7on r\u00e9fl\u00e9chie. La renaissance personnelle ne se limite pas \u00e0 une \u00e9tape \u00e9ph\u00e9m\u00e8re, mais constitue une v\u00e9ritable reconstruction, nourrie par la connaissance de soi et la pr\u00e9servation de ses racines.<\/p>\n<p class=\"citation\">&#8220;Se recentrer sur l\u2019essentiel, c\u2019est offrir \u00e0 chaque instant la possibilit\u00e9 de rena\u00eetre.&#8221; \u2014 Deepak Chopra<\/p>","protected":false},"excerpt":{"rendered":"<p>Dans un monde o\u00f9 la digitalisation acc\u00e9l\u00e9r\u00e9e red\u00e9finit chaque aspect de notre vie quotidienne, la qu\u00eate d&#8217;authenticit\u00e9 et de reconnection avec soi-m\u00eame devient plus cruciale que jamais. Les parcours de renaissance personnelle, fa\u00e7onn\u00e9s \u00e0 la crois\u00e9e de traditions ancestrales et d&#8217;innovations modernes, offrent une voie singuli\u00e8re pour naviguer \u00e0 travers le tumulte ambiant. Le contexte contemporain : une remise en question de l&#8217;identit\u00e9 Depuis l\u2019av\u00e8nement des r\u00e9seaux sociaux et du num\u00e9rique, notre rapport \u00e0 l\u2019identit\u00e9 a connu une mutation profonde.&hellip;<\/p>","protected":false},"author":7,"featured_media":0,"comment_status":"","ping_status":"open","sticky":false,"template":"","format":"standard","meta":{"footnotes":""},"categories":[1],"tags":[],"class_list":["post-25406","post","type-post","status-publish","format-standard","hentry","category-uncategorized"],"_links":{"self":[{"href":"https:\/\/ywamsanpedro.org\/es\/wp-json\/wp\/v2\/posts\/25406","targetHints":{"allow":["GET"]}}],"collection":[{"href":"https:\/\/ywamsanpedro.org\/es\/wp-json\/wp\/v2\/posts"}],"about":[{"href":"https:\/\/ywamsanpedro.org\/es\/wp-json\/wp\/v2\/types\/post"}],"author":[{"embeddable":true,"href":"https:\/\/ywamsanpedro.org\/es\/wp-json\/wp\/v2\/users\/7"}],"replies":[{"embeddable":true,"href":"https:\/\/ywamsanpedro.org\/es\/wp-json\/wp\/v2\/comments?post=25406"}],"version-history":[{"count":0,"href":"https:\/\/ywamsanpedro.org\/es\/wp-json\/wp\/v2\/posts\/25406\/revisions"}],"wp:attachment":[{"href":"https:\/\/ywamsanpedro.org\/es\/wp-json\/wp\/v2\/media?parent=25406"}],"wp:term":[{"taxonomy":"category","embeddable":true,"href":"https:\/\/ywamsanpedro.org\/es\/wp-json\/wp\/v2\/categories?post=25406"},{"taxonomy":"post_tag","embeddable":true,"href":"https:\/\/ywamsanpedro.org\/es\/wp-json\/wp\/v2\/tags?post=25406"}],"curies":[{"name":"wp","href":"https:\/\/api.w.org\/{rel}","templated":true}]}}