{"id":25668,"date":"2025-04-21T23:25:42","date_gmt":"2025-04-22T03:25:42","guid":{"rendered":"https:\/\/ywamsanpedro.org\/optimiser-la-gestion-de-l-integration-des-infrastructures-radio-via-la-mobilite\/"},"modified":"2025-04-21T23:25:42","modified_gmt":"2025-04-22T03:25:42","slug":"optimiser-la-gestion-de-l-integration-des-infrastructures-radio-via-la-mobilite","status":"publish","type":"post","link":"https:\/\/ywamsanpedro.org\/es\/optimiser-la-gestion-de-l-integration-des-infrastructures-radio-via-la-mobilite\/","title":{"rendered":"Optimiser la gestion de l\u2019int\u00e9gration des infrastructures radio via la mobilit\u00e9"},"content":{"rendered":"<p>Dans un paysage o\u00f9 la demande en connectivit\u00e9 augmente exponentiellement, les op\u00e9rateurs de t\u00e9l\u00e9communications doivent repenser leurs strat\u00e9gies d\u2019int\u00e9gration des r\u00e9seaux radio. La complexification des environnements radio, combin\u00e9e \u00e0 la mont\u00e9e de la mobilit\u00e9 et des appareils num\u00e9riques, n\u00e9cessite une approche strat\u00e9gique orient\u00e9e vers la flexibilit\u00e9 et l\u2019efficacit\u00e9. Une compr\u00e9hension approfondie des solutions num\u00e9riques mobiles devient alors essentielle, notamment pour assurer une gestion efficace et \u00e9volutive des infrastructures radio.<\/p>\n<h2>Les d\u00e9fis contemporains de la gestion des infrastructures radio<\/h2>\n<p>Les op\u00e9rateurs de r\u00e9seau font face \u00e0 plusieurs d\u00e9fis majeurs :<\/p>\n<ul>\n<li><strong>Complexit\u00e9 accrue :<\/strong> La densification des sites, notamment avec le d\u00e9ploiement de la 5G, engendre une explosion des donn\u00e9es et une n\u00e9cessit\u00e9 d\u2019int\u00e9gration plus sophistiqu\u00e9e.<\/li>\n<li><strong>Mobilit\u00e9 des utilisateurs :<\/strong> La variabilit\u00e9 de la localisation des utilisateurs exige une gestion dynamique des ressources r\u00e9seau.<\/li>\n<li><strong>Maintenance et optimisation :<\/strong> La maintenance \u00e0 distance devient une obligation pour r\u00e9duire les co\u00fbts et am\u00e9liorer la r\u00e9activit\u00e9.<\/li>\n<\/ul>\n<p>Ces d\u00e9fis, pour \u00eatre relev\u00e9s efficacement, requi\u00e8rent des outils int\u00e9gr\u00e9s qui permettent une gestion en temps r\u00e9el et une adaptation continue. La transformation num\u00e9rique des infrastructures radio est devenue une n\u00e9cessit\u00e9 strat\u00e9gique.<\/p>\n<h2>La transformation num\u00e9rique des infrastructures radio : un levier cl\u00e9<\/h2>\n<p>Dans ce contexte, l\u2019utilisation de solutions num\u00e9riques ax\u00e9es sur la mobilit\u00e9 appara\u00eet comme un game-changer. La solution <a href=\"https:\/\/cleara-aria.app\/fr\/\">Cleara Aria sur mobile<\/a>, figure de proue de cette tendance, offre une plateforme innovante pour la gestion centralis\u00e9e et \u00e0 distance des r\u00e9seaux radio. Elle permet aux techniciens et gestionnaires de surveiller, diagnostiquer et intervenir, o\u00f9 qu\u2019ils soient, depuis leur smartphone ou tablette.<\/p>\n<div class=\"highlight\">\n<p>Les avantages cl\u00e9s incluent :<\/p>\n<ul>\n<li>Une visibilit\u00e9 en temps r\u00e9el sur l\u2019\u00e9tat des \u00e9quipements<\/li>\n<li>Une gestion proactive des incidents<\/li>\n<li>Une r\u00e9duction significative des co\u00fbts op\u00e9rationnels<\/li>\n<li>Une flexibilit\u00e9 accrue pour les activit\u00e9s de maintenance<\/li>\n<\/ul>\n<\/div>\n<h2>Les b\u00e9n\u00e9fices strat\u00e9giques d\u2019une gestion mobile int\u00e9gr\u00e9e<\/h2>\n<p>\u00c0 l\u2019\u00e9chelle industrielle, l\u2019int\u00e9gration de solutions mobiles pour la gestion radio se traduit par :<\/p>\n<table>\n<thead>\n<tr>\n<th>Crit\u00e8re<\/th>\n<th>Impact<\/th>\n<\/tr>\n<\/thead>\n<tbody>\n<tr>\n<td>R\u00e9activit\u00e9<\/td>\n<td>Interventions imm\u00e9diates, r\u00e9duction des temps d\u2019arr\u00eat<\/td>\n<\/tr>\n<tr>\n<td>Co\u00fbt<\/td>\n<td>Optimisation des ressources et r\u00e9duction des d\u00e9placements<\/td>\n<\/tr>\n<tr>\n<td>Qualit\u00e9 de service<\/td>\n<td>Meilleure exp\u00e9rience utilisateur gr\u00e2ce \u00e0 une gestion proactive<\/td>\n<\/tr>\n<tr>\n<td>Adaptabilit\u00e9<\/td>\n<td>R\u00e9ponse rapide aux \u00e9volutions technologiques et aux nouveaux besoins<\/td>\n<\/tr>\n<\/tbody>\n<\/table>\n<blockquote><p>\n  &#8220;Adapter ses infrastructures radio aux imp\u00e9ratifs de mobilit\u00e9 et de digitalisation, c\u2019est assurer la p\u00e9rennit\u00e9 d\u2019un r\u00e9seau moderne et performant.&#8221;<\/p><\/blockquote>\n<h2>Perspectives et enjeux futurs<\/h2>\n<p>\u00c0 l&#8217;avenir, la gestion des infrastructures radio devra s\u2019appuyer davantage sur l\u2019automatisation et l\u2019intelligence artificielle, tout en conservant une connectivit\u00e9 fluide avec les appareils mobiles. La plateforme Cleara Aria sur mobile s\u2019inscrit dans cette dynamique, proposant une plateforme \u00e9volutive permettant aux op\u00e9rateurs de rester comp\u00e9titifs dans un contexte o\u00f9 la rapidit\u00e9 et la pr\u00e9cision de la gestion deviennent d\u00e9terminantes.<\/p>\n<p>Finalement, la convergence entre mobilit\u00e9 et gestion proactive est la cl\u00e9 d\u2019un r\u00e9seau radio robuste, agile et garantissant un haut niveau de service, essentiel \u00e0 la satisfaction client et \u00e0 la consolidation de la client\u00e8le dans un march\u00e9 satur\u00e9.<\/p>\n<h2>Conclusion<\/h2>\n<p>Pour r\u00e9pondre aux enjeux de demain, l\u2019int\u00e9gration de solutions mobiles dans la gestion des infrastructures radio doit \u00eatre une priorit\u00e9 strat\u00e9gique pour les op\u00e9rateurs. En combinant data, automatisation et accessibilit\u00e9 via des plateformes comme Cleara Aria sur mobile, ils peuvent transformer la fa\u00e7on dont ils op\u00e8rent, optimisent et innovent dans un environnement en constante \u00e9volution.<\/p>\n<p>Ce mouvement vers la gestion intelligente et mobile ne repr\u00e9sente pas seulement une \u00e9volution technique, mais un v\u00e9ritable changement de paradigme vers plus d\u2019agilit\u00e9, d\u2019efficacit\u00e9 et de r\u00e9silience des r\u00e9seaux radio modernes.<\/p>","protected":false},"excerpt":{"rendered":"<p>Dans un paysage o\u00f9 la demande en connectivit\u00e9 augmente exponentiellement, les op\u00e9rateurs de t\u00e9l\u00e9communications doivent repenser leurs strat\u00e9gies d\u2019int\u00e9gration des r\u00e9seaux radio. La complexification des environnements radio, combin\u00e9e \u00e0 la mont\u00e9e de la mobilit\u00e9 et des appareils num\u00e9riques, n\u00e9cessite une approche strat\u00e9gique orient\u00e9e vers la flexibilit\u00e9 et l\u2019efficacit\u00e9. Une compr\u00e9hension approfondie des solutions num\u00e9riques mobiles devient alors essentielle, notamment pour assurer une gestion efficace et \u00e9volutive des infrastructures radio. Les d\u00e9fis contemporains de la gestion des infrastructures radio Les op\u00e9rateurs&hellip;<\/p>","protected":false},"author":7,"featured_media":0,"comment_status":"","ping_status":"open","sticky":false,"template":"","format":"standard","meta":{"footnotes":""},"categories":[1],"tags":[],"class_list":["post-25668","post","type-post","status-publish","format-standard","hentry","category-uncategorized"],"_links":{"self":[{"href":"https:\/\/ywamsanpedro.org\/es\/wp-json\/wp\/v2\/posts\/25668","targetHints":{"allow":["GET"]}}],"collection":[{"href":"https:\/\/ywamsanpedro.org\/es\/wp-json\/wp\/v2\/posts"}],"about":[{"href":"https:\/\/ywamsanpedro.org\/es\/wp-json\/wp\/v2\/types\/post"}],"author":[{"embeddable":true,"href":"https:\/\/ywamsanpedro.org\/es\/wp-json\/wp\/v2\/users\/7"}],"replies":[{"embeddable":true,"href":"https:\/\/ywamsanpedro.org\/es\/wp-json\/wp\/v2\/comments?post=25668"}],"version-history":[{"count":0,"href":"https:\/\/ywamsanpedro.org\/es\/wp-json\/wp\/v2\/posts\/25668\/revisions"}],"wp:attachment":[{"href":"https:\/\/ywamsanpedro.org\/es\/wp-json\/wp\/v2\/media?parent=25668"}],"wp:term":[{"taxonomy":"category","embeddable":true,"href":"https:\/\/ywamsanpedro.org\/es\/wp-json\/wp\/v2\/categories?post=25668"},{"taxonomy":"post_tag","embeddable":true,"href":"https:\/\/ywamsanpedro.org\/es\/wp-json\/wp\/v2\/tags?post=25668"}],"curies":[{"name":"wp","href":"https:\/\/api.w.org\/{rel}","templated":true}]}}