{"id":25814,"date":"2025-04-22T00:23:18","date_gmt":"2025-04-22T04:23:18","guid":{"rendered":"https:\/\/ywamsanpedro.org\/digitala-verktyg-och-aldreomsorg-framja-tillgang-och-sjalvstandighet-i-en-digital-varld\/"},"modified":"2025-04-22T00:23:18","modified_gmt":"2025-04-22T04:23:18","slug":"digitala-verktyg-och-aldreomsorg-framja-tillgang-och-sjalvstandighet-i-en-digital-varld","status":"publish","type":"post","link":"https:\/\/ywamsanpedro.org\/es\/digitala-verktyg-och-aldreomsorg-framja-tillgang-och-sjalvstandighet-i-en-digital-varld\/","title":{"rendered":"Digitala verktyg och \u00e4ldreomsorg: Fr\u00e4mja tillg\u00e5ng och sj\u00e4lvst\u00e4ndighet i en digital v\u00e4rld"},"content":{"rendered":"<h2>Inledning<\/h2>\n<p>I takt med att den digitala transformationen accelererar tar samh\u00e4llet steg f\u00f6r att integrera teknik i olika delar av vardagen, inklusive \u00e4ldreomsorg. Digitala verktyg erbjuder o\u00e4ndliga m\u00f6jligheter att f\u00f6rb\u00e4ttra \u00e4ldre personers livskvalitet, fr\u00e4mja sj\u00e4lvst\u00e4ndighet och underl\u00e4tta f\u00f6r personalen att leverera individuell v\u00e5rd. Men f\u00f6r att detta ska vara framg\u00e5ngsrikt kr\u00e4vs inte bara tillg\u00e5ng till teknik, utan \u00e4ven strategier f\u00f6r att g\u00f6ra den l\u00e4ttillg\u00e4nglig och anv\u00e4ndarv\u00e4nlig.<\/p>\n<h2>Den digitala klyftan och \u00e4ldre: en utmaning f\u00f6r modern omsorg<\/h2>\n<p>Medan den digitala utvecklingen skapar nya m\u00f6jligheter, kvarst\u00e5r m\u00e5nga hinder f\u00f6r \u00e4ldre att fullt ut dra nytta av tekniska hj\u00e4lpmedel. Enligt rapporter fr\u00e5n <em>Statistiska centralbyr\u00e5n (SCB)<\/em> visar data att \u00f6ver 25% av personer \u00f6ver 75 \u00e5r har liten eller ingen erfarenhet av internetanv\u00e4ndning. Detta kan leda till social isolering och hinder f\u00f6r att f\u00e5 tillg\u00e5ng till viktiga tj\u00e4nster.<\/p>\n<p>Forskning visar att digitalt inkluderande \u00e4r avg\u00f6rande f\u00f6r att minska dessa skillnader. Det handlar inte bara om att tillhandah\u00e5lla teknik, utan ocks\u00e5 om att s\u00e4kerst\u00e4lla att tekniken \u00e4r tillg\u00e4nglig, enkel att anv\u00e4nda och integrerad i boendesituationer.<\/p>\n<h2>Mobil teknik och digitala genv\u00e4gar: nyckeln till sj\u00e4lvst\u00e4ndighet<\/h2>\n<p>En av de mest effektiva metoderna f\u00f6r att fr\u00e4mja digital inkludering bland \u00e4ldre \u00e4r att anv\u00e4nda sig av mobila genv\u00e4gar och favoriter, s\u00e5som webbapplikationer och smarta plattformar. Dessa m\u00f6jligg\u00f6r snabb och enkel \u00e5tkomst till tj\u00e4nster, information och social kontakt \u2013 direkt fr\u00e5n hemsk\u00e4rmen p\u00e5 en smartphone eller surfplatta.<\/p>\n<p>Att &#8220;spara Elderlix p\u00e5 hemsk\u00e4rmen&#8221; \u00e4r ett exempel p\u00e5 detta. Genom att g\u00f6ra en digital tj\u00e4nst l\u00e4ttillg\u00e4nglig via hemsk\u00e4rmsf\u00e4stet kan \u00e4ldre anv\u00e4ndare enklare navigera till viktiga funktioner utan att beh\u00f6va s\u00f6ka i komplexa menyer. Detta f\u00f6renklar anv\u00e4ndningen av applikationen och minskar risken f\u00f6r frustration och avhopp.<\/p>\n<h2>Utvecklingen av anv\u00e4ndarv\u00e4nliga digitala tj\u00e4nster<\/h2>\n<p>F\u00f6r att lyckas integrera teknik i \u00e4ldreomsorgen m\u00e5ste tj\u00e4nster utformas med anv\u00e4ndaren i fokus. Det handlar om att skapa l\u00f6sningar som \u00e4r intuitiva, tydliga och tillg\u00e4ngliga. En studie publicerad i <em>Journal of Medical Internet Research<\/em> visade att anv\u00e4ndarv\u00e4nlighet \u00e4r den enskilt viktigaste faktorn f\u00f6r att \u00e4ldre ska anamma digitala tj\u00e4nster.<\/p>\n<p>Det \u00e4r ocks\u00e5 viktigt att erbjuda st\u00f6d och utbildning f\u00f6r att \u00f6vervinna initiala hinder, samt att involvera \u00e4ldre i utvecklingen f\u00f6r att f\u00f6rst\u00e5 deras behov p\u00e5 djupet.<\/p>\n<h2>Praktiska exempel och case studies<\/h2>\n<p>Kommuner som exempelvis Stockholms stad har b\u00f6rjat implementera digitala tj\u00e4nster som \u00e4r tillg\u00e4ngliga via mobilappen Elderlix, som till\u00e5ter \u00e4ldre att enkelt best\u00e4lla medicin, boka aktiviteter eller kommunicera med v\u00e5rdpersonal. Flera testprogram har visat att anv\u00e4ndningen av s\u00e5dana tj\u00e4nster \u00f6kar sj\u00e4lvst\u00e4ndigheten och minskar behovet av fysiska m\u00f6ten, vilket ocks\u00e5 \u00e4r kostnadseffektivt f\u00f6r v\u00e5rdgivare.<\/p>\n<div class=\"note\">\n<p><strong>Tips:<\/strong> Vill du g\u00f6ra det enklare f\u00f6r dina \u00e4ldre anh\u00f6riga att anv\u00e4nda digitala verktyg? Att <a href=\"https:\/\/elderlix.app\/sv\/\">spara Elderlix p\u00e5 hemsk\u00e4rmen<\/a> \u00e4r ett steg i r\u00e4tt riktning. Det ger snabb tillg\u00e5ng till viktiga funktioner och fr\u00e4mjar sj\u00e4lvst\u00e4ndighet i vardagen.<\/p>\n<\/div>\n<h2>Framtiden f\u00f6r digitala verktyg inom \u00e4ldreomsorgen<\/h2>\n<p>Teknologins utveckling g\u00e5r fort, och framtiden pekar mot \u00e4nnu smartare och mer integrerade l\u00f6sningar. Med artificiell intelligens (AI) och Internet of Things (IoT) kan vi f\u00f6rv\u00e4nta oss f\u00f6rb\u00e4ttrade hj\u00e4lpmedel: allt fr\u00e5n automatiserade p\u00e5minnelser f\u00f6r medicinintag till smarta hemfunktioner som kan reagera p\u00e5 \u00e4ldre personers behov i realtid.<\/p>\n<p>Det \u00e4r avg\u00f6rande att dessa innovationer inte bara \u00e4r tekniskt avancerade utan ocks\u00e5 socialt inkluderande. Att underl\u00e4tta f\u00f6r \u00e4ldre att enkelt komma \u00e5t och anv\u00e4nda dessa verktyg \u00e4r en grundl\u00e4ggande f\u00f6ruts\u00e4ttning f\u00f6r att skapa en mer transparent, tillg\u00e4nglig och h\u00e5llbar \u00e4ldreomsorg.<\/p>\n<h2>Avslutande reflektion<\/h2>\n<p>Den digitala otillg\u00e4ngligheten \u00e4r en kritisk faktor som kan f\u00f6rst\u00e4rka existerande sociala och h\u00e4lsorelaterade skillnader. D\u00e4rf\u00f6r m\u00e5ste vi se till att digitala verktyg inte bara utvecklas, utan ocks\u00e5 g\u00f6rs tillg\u00e4ngliga f\u00f6r alla. Att spara Elderlix p\u00e5 hemsk\u00e4rmen \u00e4r bara ett exempel p\u00e5 en enkel och effektiv \u00e5tg\u00e4rd f\u00f6r att f\u00f6rb\u00e4ttra digitalt st\u00f6d f\u00f6r \u00e4ldre, men det symboliserar ocks\u00e5 ett bredare strategiskt fokus p\u00e5 tillg\u00e4nglighet, anv\u00e4ndarv\u00e4nlighet och sj\u00e4lvst\u00e4ndighet i framtidens \u00e4ldreomsorg.<\/p>","protected":false},"excerpt":{"rendered":"<p>Inledning I takt med att den digitala transformationen accelererar tar samh\u00e4llet steg f\u00f6r att integrera teknik i olika delar av vardagen, inklusive \u00e4ldreomsorg. Digitala verktyg erbjuder o\u00e4ndliga m\u00f6jligheter att f\u00f6rb\u00e4ttra \u00e4ldre personers livskvalitet, fr\u00e4mja sj\u00e4lvst\u00e4ndighet och underl\u00e4tta f\u00f6r personalen att leverera individuell v\u00e5rd. Men f\u00f6r att detta ska vara framg\u00e5ngsrikt kr\u00e4vs inte bara tillg\u00e5ng till teknik, utan \u00e4ven strategier f\u00f6r att g\u00f6ra den l\u00e4ttillg\u00e4nglig och anv\u00e4ndarv\u00e4nlig. Den digitala klyftan och \u00e4ldre: en utmaning f\u00f6r modern omsorg Medan den digitala utvecklingen&hellip;<\/p>","protected":false},"author":7,"featured_media":0,"comment_status":"","ping_status":"open","sticky":false,"template":"","format":"standard","meta":{"footnotes":""},"categories":[1],"tags":[],"class_list":["post-25814","post","type-post","status-publish","format-standard","hentry","category-uncategorized"],"_links":{"self":[{"href":"https:\/\/ywamsanpedro.org\/es\/wp-json\/wp\/v2\/posts\/25814","targetHints":{"allow":["GET"]}}],"collection":[{"href":"https:\/\/ywamsanpedro.org\/es\/wp-json\/wp\/v2\/posts"}],"about":[{"href":"https:\/\/ywamsanpedro.org\/es\/wp-json\/wp\/v2\/types\/post"}],"author":[{"embeddable":true,"href":"https:\/\/ywamsanpedro.org\/es\/wp-json\/wp\/v2\/users\/7"}],"replies":[{"embeddable":true,"href":"https:\/\/ywamsanpedro.org\/es\/wp-json\/wp\/v2\/comments?post=25814"}],"version-history":[{"count":0,"href":"https:\/\/ywamsanpedro.org\/es\/wp-json\/wp\/v2\/posts\/25814\/revisions"}],"wp:attachment":[{"href":"https:\/\/ywamsanpedro.org\/es\/wp-json\/wp\/v2\/media?parent=25814"}],"wp:term":[{"taxonomy":"category","embeddable":true,"href":"https:\/\/ywamsanpedro.org\/es\/wp-json\/wp\/v2\/categories?post=25814"},{"taxonomy":"post_tag","embeddable":true,"href":"https:\/\/ywamsanpedro.org\/es\/wp-json\/wp\/v2\/tags?post=25814"}],"curies":[{"name":"wp","href":"https:\/\/api.w.org\/{rel}","templated":true}]}}